{"id":1312,"date":"2023-07-05T13:01:29","date_gmt":"2023-07-05T13:01:29","guid":{"rendered":"https:\/\/parroquia-sanesteban.cl\/wp\/?p=1312"},"modified":"2023-07-05T13:07:53","modified_gmt":"2023-07-05T13:07:53","slug":"exitosa-rifa-a-beneficio-de-la-jmj-y-la-parroquia-san-esteban","status":"publish","type":"post","link":"https:\/\/parroquia-sanesteban.cl\/wp\/exitosa-rifa-a-beneficio-de-la-jmj-y-la-parroquia-san-esteban\/","title":{"rendered":"Exitosa rifa a beneficio de la JMJ y la Parroquia San Esteban"},"content":{"rendered":"\n<p>Domingo 2 de julio de 2023<\/p>\n\n\n\n<p>El pasado domingo 2 de julio se realiz\u00f3 una rifa solidaria para apoyar el viaje de los j\u00f3venes que participar\u00e1n en la Jornada Mundial de la Juventud (JMJ) y para colaborar con las obras de la Parroquia San Esteban. La actividad fue todo un \u00e9xito, gracias a la generosidad y el entusiasmo de la comunidad parroquial y de los donantes de los premios.<\/p>\n\n\n\n<p>La rifa cont\u00f3 con m\u00e1s de 40 premios, entre los que se destacaron una Motocicleta marca Honda, 2 televisores, Tour Vi\u00f1a Concha Y Toro, Noche hotel Casa Doca, horno microonda , hornos el\u00e9ctricos, tablets, un equipo de m\u00fasica. Los n\u00fameros de rifa se vendieron a $1.000 cada uno y se recaudaron m\u00e1s de $4.000.000, que se destinar\u00e1n: la mitad para al fondo com\u00fan para el viaje de los j\u00f3venes a la JMJ y la otra mitad para las necesidades de la parroquia.<\/p>\n\n\n\n<p>Los ganadores de los premios fueron anunciados el mismo d\u00eda de la rifa, mediante un sorteo en vivo transmitido por las redes sociales de la parroquia <a href=\"https:\/\/www.facebook.com\/sanestebanpuentealto\/videos\/646505767401933\/\" target=\"_blank\" rel=\"noopener\" title=\"\">https:\/\/www.facebook.com\/sanestebanpuentealto\/videos\/646505767401933\/<\/a>. Los afortunados fueron contactados por tel\u00e9fono para coordinar la entrega de sus premios.<\/p>\n\n\n\n<p>La lista completa de los ganadores se puede consultar en el sitio <a href=\"https:\/\/www.facebook.com\/photo\/?fbid=1020168749332457&amp;set=pcb.1020168952665770\" target=\"_blank\" rel=\"noopener\" title=\"\">https:\/\/www.facebook.com\/photo\/?fbid=1020168749332457&amp;set=pcb.1020168952665770<\/a><\/p>\n\n\n\n<p>Desde la organizaci\u00f3n de la rifa y junto a nuestro p\u00e1rroco el padre Ricardo Acosta, se expres\u00f3 un profundo agradecimiento a todas las personas que colaboraron con esta iniciativa, ya sea donando premios, comprando n\u00fameros de rifa o difundiendo la actividad. Tambi\u00e9n se felicit\u00f3 a los j\u00f3venes que participar\u00e1n en la JMJ, que se realizar\u00e1 en Lisboa, Portugal, en Julio de 2023, y se les anim\u00f3 a vivir esta experiencia con fe y alegr\u00eda.<\/p>\n\n\n\n<p>La rifa solidaria fue una muestra m\u00e1s del esp\u00edritu de comuni\u00f3n y solidaridad que caracteriza a la Parroquia San Esteban, que siempre est\u00e1 dispuesta a apoyar las causas nobles y a compartir los dones que Dios le ha dado.<\/p>\n\n\n\n<p>Atte.: PSE comunicaciones 2023<\/p>\n\n\n\n<p><a href=\"http:\/\/www.parroquia-sanesteban.cl\/?fbclid=IwAR3Wc8WDEcuRe0TB72b3NuK9QITZQcKXRFsW6LK2KK7QoAZ1FWiyl4-WEBI\" target=\"_blank\" rel=\"noreferrer noopener\">www.parroquia-sanesteban.cl<\/a><\/p>\n\n\n\n<figure class=\"wp-block-image aligncenter size-full\"><img loading=\"lazy\" decoding=\"async\" width=\"678\" height=\"438\" src=\"https:\/\/parroquia-sanesteban.cl\/wp\/wp-content\/uploads\/2023\/07\/Rifa.jpg\" alt=\"\" class=\"wp-image-1313\" srcset=\"https:\/\/parroquia-sanesteban.cl\/wp\/wp-content\/uploads\/2023\/07\/Rifa.jpg 678w, https:\/\/parroquia-sanesteban.cl\/wp\/wp-content\/uploads\/2023\/07\/Rifa-300x194.jpg 300w\" sizes=\"auto, (max-width: 678px) 100vw, 678px\" \/><\/figure>\n\n\n\n<p><strong><a href=\"https:\/\/www.facebook.com\/photo\/?fbid=1020168749332457&amp;set=pcb.1020168952665770\" target=\"_blank\" rel=\"noopener\" title=\"\">Para ver los ganadores de la rifa haz clic aqu\u00ed<\/a><\/strong><\/p>\n","protected":false},"excerpt":{"rendered":"<p>Domingo 2 de julio de 2023 El pasado domingo 2 de julio se realiz\u00f3 una rifa solidaria para apoyar el viaje de los j\u00f3venes que participar\u00e1n en la Jornada Mundial de la Juventud (JMJ) y para colaborar con las obras de la Parroquia San Esteban. La actividad fue todo un \u00e9xito, gracias a la generosidad &hellip;<\/p>\n<p class=\"read-more\"> <a class=\"\" href=\"https:\/\/parroquia-sanesteban.cl\/wp\/exitosa-rifa-a-beneficio-de-la-jmj-y-la-parroquia-san-esteban\/\"> <span class=\"screen-reader-text\">Exitosa rifa a beneficio de la JMJ y la Parroquia San Esteban<\/span> Leer m\u00e1s &raquo;<\/a><\/p>\n","protected":false},"author":1,"featured_media":1313,"comment_status":"open","ping_status":"closed","sticky":false,"template":"","format":"standard","meta":{"om_disable_all_campaigns":false,"_uag_custom_page_level_css":"","site-sidebar-layout":"default","site-content-layout":"default","ast-global-header-display":"","ast-main-header-display":"","ast-hfb-above-header-display":"","ast-hfb-below-header-display":"","ast-hfb-mobile-header-display":"","site-post-title":"","ast-breadcrumbs-content":"","ast-featured-img":"","footer-sml-layout":"","theme-transparent-header-meta":"","adv-header-id-meta":"","stick-header-meta":"","header-above-stick-meta":"","header-main-stick-meta":"","header-below-stick-meta":"","footnotes":""},"categories":[4],"tags":[],"class_list":["post-1312","post","type-post","status-publish","format-standard","has-post-thumbnail","hentry","category-fotos"],"aioseo_notices":[],"uagb_featured_image_src":{"full":["https:\/\/parroquia-sanesteban.cl\/wp\/wp-content\/uploads\/2023\/07\/Rifa.jpg",678,438,false],"thumbnail":["https:\/\/parroquia-sanesteban.cl\/wp\/wp-content\/uploads\/2023\/07\/Rifa-150x150.jpg",150,150,true],"medium":["https:\/\/parroquia-sanesteban.cl\/wp\/wp-content\/uploads\/2023\/07\/Rifa-300x194.jpg",300,194,true],"medium_large":["https:\/\/parroquia-sanesteban.cl\/wp\/wp-content\/uploads\/2023\/07\/Rifa.jpg",678,438,false],"large":["https:\/\/parroquia-sanesteban.cl\/wp\/wp-content\/uploads\/2023\/07\/Rifa.jpg",678,438,false],"1536x1536":["https:\/\/parroquia-sanesteban.cl\/wp\/wp-content\/uploads\/2023\/07\/Rifa.jpg",678,438,false],"2048x2048":["https:\/\/parroquia-sanesteban.cl\/wp\/wp-content\/uploads\/2023\/07\/Rifa.jpg",678,438,false]},"uagb_author_info":{"display_name":"admin","author_link":"https:\/\/parroquia-sanesteban.cl\/wp\/author\/admin\/"},"uagb_comment_info":1,"uagb_excerpt":"Domingo 2 de julio de 2023 El pasado domingo 2 de julio se realiz\u00f3 una rifa solidaria para apoyar el viaje de los j\u00f3venes que participar\u00e1n en la Jornada Mundial de la Juventud (JMJ) y para colaborar con las obras de la Parroquia San Esteban. La actividad fue todo un \u00e9xito, gracias a la generosidad&hellip;","_links":{"self":[{"href":"https:\/\/parroquia-sanesteban.cl\/wp\/wp-json\/wp\/v2\/posts\/1312","targetHints":{"allow":["GET"]}}],"collection":[{"href":"https:\/\/parroquia-sanesteban.cl\/wp\/wp-json\/wp\/v2\/posts"}],"about":[{"href":"https:\/\/parroquia-sanesteban.cl\/wp\/wp-json\/wp\/v2\/types\/post"}],"author":[{"embeddable":true,"href":"https:\/\/parroquia-sanesteban.cl\/wp\/wp-json\/wp\/v2\/users\/1"}],"replies":[{"embeddable":true,"href":"https:\/\/parroquia-sanesteban.cl\/wp\/wp-json\/wp\/v2\/comments?post=1312"}],"version-history":[{"count":2,"href":"https:\/\/parroquia-sanesteban.cl\/wp\/wp-json\/wp\/v2\/posts\/1312\/revisions"}],"predecessor-version":[{"id":1316,"href":"https:\/\/parroquia-sanesteban.cl\/wp\/wp-json\/wp\/v2\/posts\/1312\/revisions\/1316"}],"wp:featuredmedia":[{"embeddable":true,"href":"https:\/\/parroquia-sanesteban.cl\/wp\/wp-json\/wp\/v2\/media\/1313"}],"wp:attachment":[{"href":"https:\/\/parroquia-sanesteban.cl\/wp\/wp-json\/wp\/v2\/media?parent=1312"}],"wp:term":[{"taxonomy":"category","embeddable":true,"href":"https:\/\/parroquia-sanesteban.cl\/wp\/wp-json\/wp\/v2\/categories?post=1312"},{"taxonomy":"post_tag","embeddable":true,"href":"https:\/\/parroquia-sanesteban.cl\/wp\/wp-json\/wp\/v2\/tags?post=1312"}],"curies":[{"name":"wp","href":"https:\/\/api.w.org\/{rel}","templated":true}]}}