{"id":1517,"date":"2023-12-12T15:08:13","date_gmt":"2023-12-12T15:08:13","guid":{"rendered":"https:\/\/parroquia-sanesteban.cl\/wp\/?p=1517"},"modified":"2023-12-12T15:08:16","modified_gmt":"2023-12-12T15:08:16","slug":"emotiva-despedida-en-la-parroquia-san-esteban-paolo-se-despide-de-la-comunidad-y-andres-continua-un-ano-mas","status":"publish","type":"post","link":"https:\/\/parroquia-sanesteban.cl\/wp\/emotiva-despedida-en-la-parroquia-san-esteban-paolo-se-despide-de-la-comunidad-y-andres-continua-un-ano-mas\/","title":{"rendered":"Emotiva despedida en la Parroquia San Esteban: Paolo se despide de la comunidad  y Andr\u00e9s contin\u00faa un a\u00f1o m\u00e1s"},"content":{"rendered":"\n<p>S\u00e1bado 10 de diciembre de 2023.<\/p>\n\n\n\n<p>En una emotiva misa celebrada por nuetro P\u00e1rroco el Padre Ricardo Acosta, el pasado s\u00e1bado 9 del presente mes en la Parroquia San Esteban, se llev\u00f3 a cabo la despedida de Paolo, quien ha culminado sus 2 a\u00f1os de apostolado en nuestra comunidad y emprende un nuevo deaf\u00edo en su formaci\u00f3n Sacerdotal, as\u00ed como la celebraci\u00f3n de la continuidad de Andr\u00e9s, quien seguir\u00e1 acompa\u00f1andonos un a\u00f1o m\u00e1s.<\/p>\n\n\n\n<p>El ambiente estuvo cargado de emotividad, con la presencia de familiares de Paolo y de Andr\u00e9s, este \u00faltimo, Seminaristas que ha decidido dedicar su vida al servicio del Se\u00f1or. Se agradeci\u00f3 a todos por acompa\u00f1ar a estos dos j\u00f3venes en su compromiso religioso, dese\u00e1ndoles que Dios los gu\u00ede en este hermoso camino que han elegido.<\/p>\n\n\n\n<p>En un gesto de reconocimiento, se agradeci\u00f3 a Paolo por sus ense\u00f1anzas y su disposici\u00f3n para con todos los que estuvieron cerca de \u00e9l durante este tiempo. Asimismo, se dese\u00f3 a Andr\u00e9s mucho \u00e9xito en la nueva etapa que emprender\u00e1 en 2024, asegur\u00e1ndole que toda la comunidad estar\u00e1 con \u00e9l en este camino que ha decidido recorrer.<\/p>\n\n\n\n<p>Finalmente, se extendieron agradecimientos a la Comunidad \u00abSan Benito\u00bb y a un grupo de apoderados de Ac\u00f3litos por la atenci\u00f3n brindada durante este evento tan significativo para la parroquia.<\/p>\n\n\n\n<figure class=\"wp-block-image aligncenter size-large\"><a href=\"https:\/\/www.facebook.com\/photo?fbid=1103499670999364&amp;set=pcb.1103501580999173\" target=\"_blank\" rel=\"noreferrer noopener\"><img loading=\"lazy\" decoding=\"async\" width=\"1024\" height=\"768\" src=\"https:\/\/parroquia-sanesteban.cl\/wp\/wp-content\/uploads\/2023\/12\/paolo-1024x768.jpg\" alt=\"\" class=\"wp-image-1518\" srcset=\"https:\/\/parroquia-sanesteban.cl\/wp\/wp-content\/uploads\/2023\/12\/paolo-1024x768.jpg 1024w, https:\/\/parroquia-sanesteban.cl\/wp\/wp-content\/uploads\/2023\/12\/paolo-300x225.jpg 300w, https:\/\/parroquia-sanesteban.cl\/wp\/wp-content\/uploads\/2023\/12\/paolo-768x576.jpg 768w, https:\/\/parroquia-sanesteban.cl\/wp\/wp-content\/uploads\/2023\/12\/paolo-1536x1152.jpg 1536w, https:\/\/parroquia-sanesteban.cl\/wp\/wp-content\/uploads\/2023\/12\/paolo.jpg 1600w\" sizes=\"auto, (max-width: 1024px) 100vw, 1024px\" \/><\/a><\/figure>\n\n\n\n<p><strong><a href=\"https:\/\/www.facebook.com\/photo?fbid=1103499670999364&amp;set=pcb.1103501580999173\" target=\"_blank\" rel=\"noopener\" title=\"\">Para ver m\u00e1s fotos haz clic aqu\u00ed<\/a><\/strong><\/p>\n","protected":false},"excerpt":{"rendered":"<p>S\u00e1bado 10 de diciembre de 2023. En una emotiva misa celebrada por nuetro P\u00e1rroco el Padre Ricardo Acosta, el pasado s\u00e1bado 9 del presente mes en la Parroquia San Esteban, se llev\u00f3 a cabo la despedida de Paolo, quien ha culminado sus 2 a\u00f1os de apostolado en nuestra comunidad y emprende un nuevo deaf\u00edo en &hellip;<\/p>\n<p class=\"read-more\"> <a class=\"\" href=\"https:\/\/parroquia-sanesteban.cl\/wp\/emotiva-despedida-en-la-parroquia-san-esteban-paolo-se-despide-de-la-comunidad-y-andres-continua-un-ano-mas\/\"> <span class=\"screen-reader-text\">Emotiva despedida en la Parroquia San Esteban: Paolo se despide de la comunidad  y Andr\u00e9s contin\u00faa un a\u00f1o m\u00e1s<\/span> Leer m\u00e1s &raquo;<\/a><\/p>\n","protected":false},"author":1,"featured_media":1519,"comment_status":"open","ping_status":"closed","sticky":false,"template":"","format":"standard","meta":{"om_disable_all_campaigns":false,"_uag_custom_page_level_css":"","site-sidebar-layout":"default","site-content-layout":"default","ast-global-header-display":"","ast-main-header-display":"","ast-hfb-above-header-display":"","ast-hfb-below-header-display":"","ast-hfb-mobile-header-display":"","site-post-title":"","ast-breadcrumbs-content":"","ast-featured-img":"","footer-sml-layout":"","theme-transparent-header-meta":"","adv-header-id-meta":"","stick-header-meta":"","header-above-stick-meta":"","header-main-stick-meta":"","header-below-stick-meta":"","footnotes":""},"categories":[4],"tags":[],"class_list":["post-1517","post","type-post","status-publish","format-standard","has-post-thumbnail","hentry","category-fotos"],"aioseo_notices":[],"uagb_featured_image_src":{"full":["https:\/\/parroquia-sanesteban.cl\/wp\/wp-content\/uploads\/2023\/12\/paolo-1.jpg",1600,1200,false],"thumbnail":["https:\/\/parroquia-sanesteban.cl\/wp\/wp-content\/uploads\/2023\/12\/paolo-1-150x150.jpg",150,150,true],"medium":["https:\/\/parroquia-sanesteban.cl\/wp\/wp-content\/uploads\/2023\/12\/paolo-1-300x225.jpg",300,225,true],"medium_large":["https:\/\/parroquia-sanesteban.cl\/wp\/wp-content\/uploads\/2023\/12\/paolo-1-768x576.jpg",768,576,true],"large":["https:\/\/parroquia-sanesteban.cl\/wp\/wp-content\/uploads\/2023\/12\/paolo-1-1024x768.jpg",1024,768,true],"1536x1536":["https:\/\/parroquia-sanesteban.cl\/wp\/wp-content\/uploads\/2023\/12\/paolo-1-1536x1152.jpg",1536,1152,true],"2048x2048":["https:\/\/parroquia-sanesteban.cl\/wp\/wp-content\/uploads\/2023\/12\/paolo-1.jpg",1600,1200,false]},"uagb_author_info":{"display_name":"admin","author_link":"https:\/\/parroquia-sanesteban.cl\/wp\/author\/admin\/"},"uagb_comment_info":0,"uagb_excerpt":"S\u00e1bado 10 de diciembre de 2023. En una emotiva misa celebrada por nuetro P\u00e1rroco el Padre Ricardo Acosta, el pasado s\u00e1bado 9 del presente mes en la Parroquia San Esteban, se llev\u00f3 a cabo la despedida de Paolo, quien ha culminado sus 2 a\u00f1os de apostolado en nuestra comunidad y emprende un nuevo deaf\u00edo en&hellip;","_links":{"self":[{"href":"https:\/\/parroquia-sanesteban.cl\/wp\/wp-json\/wp\/v2\/posts\/1517","targetHints":{"allow":["GET"]}}],"collection":[{"href":"https:\/\/parroquia-sanesteban.cl\/wp\/wp-json\/wp\/v2\/posts"}],"about":[{"href":"https:\/\/parroquia-sanesteban.cl\/wp\/wp-json\/wp\/v2\/types\/post"}],"author":[{"embeddable":true,"href":"https:\/\/parroquia-sanesteban.cl\/wp\/wp-json\/wp\/v2\/users\/1"}],"replies":[{"embeddable":true,"href":"https:\/\/parroquia-sanesteban.cl\/wp\/wp-json\/wp\/v2\/comments?post=1517"}],"version-history":[{"count":1,"href":"https:\/\/parroquia-sanesteban.cl\/wp\/wp-json\/wp\/v2\/posts\/1517\/revisions"}],"predecessor-version":[{"id":1520,"href":"https:\/\/parroquia-sanesteban.cl\/wp\/wp-json\/wp\/v2\/posts\/1517\/revisions\/1520"}],"wp:featuredmedia":[{"embeddable":true,"href":"https:\/\/parroquia-sanesteban.cl\/wp\/wp-json\/wp\/v2\/media\/1519"}],"wp:attachment":[{"href":"https:\/\/parroquia-sanesteban.cl\/wp\/wp-json\/wp\/v2\/media?parent=1517"}],"wp:term":[{"taxonomy":"category","embeddable":true,"href":"https:\/\/parroquia-sanesteban.cl\/wp\/wp-json\/wp\/v2\/categories?post=1517"},{"taxonomy":"post_tag","embeddable":true,"href":"https:\/\/parroquia-sanesteban.cl\/wp\/wp-json\/wp\/v2\/tags?post=1517"}],"curies":[{"name":"wp","href":"https:\/\/api.w.org\/{rel}","templated":true}]}}